{"id":2057,"date":"2026-03-09T13:00:47","date_gmt":"2026-03-09T12:00:47","guid":{"rendered":"https:\/\/comiteslocals.org\/?p=2057"},"modified":"2026-04-13T10:14:28","modified_gmt":"2026-04-13T08:14:28","slug":"los-comites-de-emergencia-solicitan-al-gobierno-una-moratoria-a-la-construccion-en-zonas-inundables-tras-la-dana-de-2024","status":"publish","type":"post","link":"https:\/\/comiteslocals.org\/cas\/los-comites-de-emergencia-solicitan-al-gobierno-una-moratoria-a-la-construccion-en-zonas-inundables-tras-la-dana-de-2024\/","title":{"rendered":"Los Comit\u00e9s de Emergencia solicitan al Gobierno una moratoria a la construcci\u00f3n en zonas inundables tras la dana de 2024"},"content":{"rendered":"<p><a href=\"https:\/\/www.levante-emv.com\/horta\/2026\/03\/09\/comites-locales-emergencia-reclaman-moratoria-urgente-reconstruccion-127729524.html\" target=\"_blank\" rel=\"noreferrer noopener\">Levante &#8211; EMV, 9 de mar\u00e7 de 2026: Los Comit\u00e9s de Emergencia solicitan al Gobierno una moratoria a la construcci\u00f3n en zonas inundables tras la dana de 2024<\/a><\/p>","protected":false},"excerpt":{"rendered":"<p>Levante &#8211; EMV, 9 de mar\u00e7 de 2026: Los Comit\u00e9s de Emergencia solicitan al Gobierno una moratoria a la construcci\u00f3n&#8230;<\/p>","protected":false},"author":8,"featured_media":0,"comment_status":"closed","ping_status":"","sticky":false,"template":"","format":"standard","meta":{"_kadence_starter_templates_imported_post":false,"_kad_post_transparent":"","_kad_post_title":"","_kad_post_layout":"","_kad_post_sidebar_id":"","_kad_post_content_style":"","_kad_post_vertical_padding":"","_kad_post_feature":"","_kad_post_feature_position":"","_kad_post_header":false,"_kad_post_footer":false,"_kad_post_classname":"","activitypub_content_warning":"","activitypub_content_visibility":"","activitypub_max_image_attachments":4,"activitypub_interaction_policy_quote":"anyone","activitypub_status":"federated","footnotes":""},"categories":[9],"tags":[],"class_list":["post-2057","post","type-post","status-publish","format-standard","hentry","category-premsa"],"_links":{"self":[{"href":"https:\/\/comiteslocals.org\/cas\/wp-json\/wp\/v2\/posts\/2057","targetHints":{"allow":["GET"]}}],"collection":[{"href":"https:\/\/comiteslocals.org\/cas\/wp-json\/wp\/v2\/posts"}],"about":[{"href":"https:\/\/comiteslocals.org\/cas\/wp-json\/wp\/v2\/types\/post"}],"author":[{"embeddable":true,"href":"https:\/\/comiteslocals.org\/cas\/wp-json\/wp\/v2\/users\/8"}],"replies":[{"embeddable":true,"href":"https:\/\/comiteslocals.org\/cas\/wp-json\/wp\/v2\/comments?post=2057"}],"version-history":[{"count":2,"href":"https:\/\/comiteslocals.org\/cas\/wp-json\/wp\/v2\/posts\/2057\/revisions"}],"predecessor-version":[{"id":3296,"href":"https:\/\/comiteslocals.org\/cas\/wp-json\/wp\/v2\/posts\/2057\/revisions\/3296"}],"wp:attachment":[{"href":"https:\/\/comiteslocals.org\/cas\/wp-json\/wp\/v2\/media?parent=2057"}],"wp:term":[{"taxonomy":"category","embeddable":true,"href":"https:\/\/comiteslocals.org\/cas\/wp-json\/wp\/v2\/categories?post=2057"},{"taxonomy":"post_tag","embeddable":true,"href":"https:\/\/comiteslocals.org\/cas\/wp-json\/wp\/v2\/tags?post=2057"}],"curies":[{"name":"wp","href":"https:\/\/api.w.org\/{rel}","templated":true}]}}