{"id":2072,"date":"2025-03-01T13:27:56","date_gmt":"2025-03-01T12:27:56","guid":{"rendered":"https:\/\/comiteslocals.org\/?p=2072"},"modified":"2026-03-09T13:31:45","modified_gmt":"2026-03-09T12:31:45","slug":"familiares-de-las-victimas-de-la-dana-exigen-por-quinta-vez-la-renuncia-de-mazon-es-una-burla-no-aguantamos-mas","status":"publish","type":"post","link":"https:\/\/comiteslocals.org\/cas\/familiares-de-las-victimas-de-la-dana-exigen-por-quinta-vez-la-renuncia-de-mazon-es-una-burla-no-aguantamos-mas\/","title":{"rendered":"Familiares de las v\u00edctimas de la dana exigen por quinta vez la renuncia de Maz\u00f3n: &#8220;Es una burla, no aguantamos m\u00e1s&#8221;"},"content":{"rendered":"<p><a href=\"https:\/\/elpais.com\/espana\/comunidad-valenciana\/2025-03-01\/familiares-de-las-victimas-de-la-dana-exigen-por-quinta-vez-la-renuncia-de-mazon-es-una-burla-no-aguantamos-mas.html\">El Pa\u00eds, 1 de mar\u00e7 de 2025: Familiares de las v\u00edctimas de la dana exigen por quinta vez la renuncia de Maz\u00f3n: \u201cEs una burla, no aguantamos m\u00e1s\u201d<\/a><\/p>","protected":false},"excerpt":{"rendered":"<p>El Pa\u00eds, 1 de mar\u00e7 de 2025: Familiares de las v\u00edctimas de la dana exigen por quinta vez la renuncia&#8230;<\/p>","protected":false},"author":8,"featured_media":0,"comment_status":"closed","ping_status":"","sticky":false,"template":"","format":"standard","meta":{"_kadence_starter_templates_imported_post":false,"_kad_post_transparent":"","_kad_post_title":"","_kad_post_layout":"","_kad_post_sidebar_id":"","_kad_post_content_style":"","_kad_post_vertical_padding":"","_kad_post_feature":"","_kad_post_feature_position":"","_kad_post_header":false,"_kad_post_footer":false,"_kad_post_classname":"","activitypub_content_warning":"","activitypub_content_visibility":"","activitypub_max_image_attachments":4,"activitypub_interaction_policy_quote":"anyone","activitypub_status":"federated","footnotes":""},"categories":[9],"tags":[],"class_list":["post-2072","post","type-post","status-publish","format-standard","hentry","category-premsa"],"_links":{"self":[{"href":"https:\/\/comiteslocals.org\/cas\/wp-json\/wp\/v2\/posts\/2072","targetHints":{"allow":["GET"]}}],"collection":[{"href":"https:\/\/comiteslocals.org\/cas\/wp-json\/wp\/v2\/posts"}],"about":[{"href":"https:\/\/comiteslocals.org\/cas\/wp-json\/wp\/v2\/types\/post"}],"author":[{"embeddable":true,"href":"https:\/\/comiteslocals.org\/cas\/wp-json\/wp\/v2\/users\/8"}],"replies":[{"embeddable":true,"href":"https:\/\/comiteslocals.org\/cas\/wp-json\/wp\/v2\/comments?post=2072"}],"version-history":[{"count":1,"href":"https:\/\/comiteslocals.org\/cas\/wp-json\/wp\/v2\/posts\/2072\/revisions"}],"predecessor-version":[{"id":2073,"href":"https:\/\/comiteslocals.org\/cas\/wp-json\/wp\/v2\/posts\/2072\/revisions\/2073"}],"wp:attachment":[{"href":"https:\/\/comiteslocals.org\/cas\/wp-json\/wp\/v2\/media?parent=2072"}],"wp:term":[{"taxonomy":"category","embeddable":true,"href":"https:\/\/comiteslocals.org\/cas\/wp-json\/wp\/v2\/categories?post=2072"},{"taxonomy":"post_tag","embeddable":true,"href":"https:\/\/comiteslocals.org\/cas\/wp-json\/wp\/v2\/tags?post=2072"}],"curies":[{"name":"wp","href":"https:\/\/api.w.org\/{rel}","templated":true}]}}