{"id":2078,"date":"2025-03-01T13:33:42","date_gmt":"2025-03-01T12:33:42","guid":{"rendered":"https:\/\/comiteslocals.org\/?p=2078"},"modified":"2026-03-09T13:34:17","modified_gmt":"2026-03-09T12:34:17","slug":"la-quinta-manifestacion-contra-mazon-pide-su-dimision-inexcusable-encabezada-por-familias-de-victimas-de-la-dana","status":"publish","type":"post","link":"https:\/\/comiteslocals.org\/cas\/la-quinta-manifestacion-contra-mazon-pide-su-dimision-inexcusable-encabezada-por-familias-de-victimas-de-la-dana\/","title":{"rendered":"La quinta manifestaci\u00f3n contra Maz\u00f3n pide su dimisi\u00f3n &#8220;inexcusable&#8221; encabezada por familias de v\u00edctimas de la dana"},"content":{"rendered":"<p><a href=\"https:\/\/www.elespanol.com\/valencia\/20250301\/miles-personas-piden-dimision-mazon-quina-manifestacion-meses-despues-dana\/927907304_0.html\">El Espa\u00f1ol, 1 de mar\u00e7 de 2025: La quinta manifestaci\u00f3n contra Maz\u00f3n pide su dimisi\u00f3n &#8220;inexcusable&#8221; encabezada por familias de v\u00edctimas de la dana<\/a><\/p>","protected":false},"excerpt":{"rendered":"<p>El Espa\u00f1ol, 1 de mar\u00e7 de 2025: La quinta manifestaci\u00f3n contra Maz\u00f3n pide su dimisi\u00f3n &#8220;inexcusable&#8221; encabezada por familias de&#8230;<\/p>","protected":false},"author":8,"featured_media":0,"comment_status":"closed","ping_status":"","sticky":false,"template":"","format":"standard","meta":{"_kadence_starter_templates_imported_post":false,"_kad_post_transparent":"","_kad_post_title":"","_kad_post_layout":"","_kad_post_sidebar_id":"","_kad_post_content_style":"","_kad_post_vertical_padding":"","_kad_post_feature":"","_kad_post_feature_position":"","_kad_post_header":false,"_kad_post_footer":false,"_kad_post_classname":"","activitypub_content_warning":"","activitypub_content_visibility":"","activitypub_max_image_attachments":4,"activitypub_interaction_policy_quote":"anyone","activitypub_status":"federated","footnotes":""},"categories":[9],"tags":[],"class_list":["post-2078","post","type-post","status-publish","format-standard","hentry","category-premsa"],"_links":{"self":[{"href":"https:\/\/comiteslocals.org\/cas\/wp-json\/wp\/v2\/posts\/2078","targetHints":{"allow":["GET"]}}],"collection":[{"href":"https:\/\/comiteslocals.org\/cas\/wp-json\/wp\/v2\/posts"}],"about":[{"href":"https:\/\/comiteslocals.org\/cas\/wp-json\/wp\/v2\/types\/post"}],"author":[{"embeddable":true,"href":"https:\/\/comiteslocals.org\/cas\/wp-json\/wp\/v2\/users\/8"}],"replies":[{"embeddable":true,"href":"https:\/\/comiteslocals.org\/cas\/wp-json\/wp\/v2\/comments?post=2078"}],"version-history":[{"count":1,"href":"https:\/\/comiteslocals.org\/cas\/wp-json\/wp\/v2\/posts\/2078\/revisions"}],"predecessor-version":[{"id":2079,"href":"https:\/\/comiteslocals.org\/cas\/wp-json\/wp\/v2\/posts\/2078\/revisions\/2079"}],"wp:attachment":[{"href":"https:\/\/comiteslocals.org\/cas\/wp-json\/wp\/v2\/media?parent=2078"}],"wp:term":[{"taxonomy":"category","embeddable":true,"href":"https:\/\/comiteslocals.org\/cas\/wp-json\/wp\/v2\/categories?post=2078"},{"taxonomy":"post_tag","embeddable":true,"href":"https:\/\/comiteslocals.org\/cas\/wp-json\/wp\/v2\/tags?post=2078"}],"curies":[{"name":"wp","href":"https:\/\/api.w.org\/{rel}","templated":true}]}}