{"id":2105,"date":"2025-05-22T13:51:49","date_gmt":"2025-05-22T11:51:49","guid":{"rendered":"https:\/\/comiteslocals.org\/?p=2105"},"modified":"2026-03-09T13:52:32","modified_gmt":"2026-03-09T12:52:32","slug":"convocada-una-huelga-general-el-29-de-mayo-contra-la-gestion-de-mazon-en-la-dana-y-una-nueva-manifestacion-en-valencia","status":"publish","type":"post","link":"https:\/\/comiteslocals.org\/cas\/convocada-una-huelga-general-el-29-de-mayo-contra-la-gestion-de-mazon-en-la-dana-y-una-nueva-manifestacion-en-valencia\/","title":{"rendered":"Convocada una huelga general el 29 de mayo contra la gesti\u00f3n de Maz\u00f3n en la DANA y una nueva manifestaci\u00f3n en Val\u00e8ncia"},"content":{"rendered":"<p><a href=\"https:\/\/www.eldiario.es\/comunitat-valenciana\/septima-manifestacion-pedir-dimision-mazon-homenajeara-trabajadores-fallecidos-dana_1_12320725.html\">ElDiario.es, 22 de maig de 2025: Convocada una huelga general el 29 de mayo contra la gesti\u00f3n de Maz\u00f3n en la DANA y una nueva manifestaci\u00f3n en Val\u00e8ncia<\/a><\/p>","protected":false},"excerpt":{"rendered":"<p>ElDiario.es, 22 de maig de 2025: Convocada una huelga general el 29 de mayo contra la gesti\u00f3n de Maz\u00f3n en&#8230;<\/p>","protected":false},"author":8,"featured_media":0,"comment_status":"closed","ping_status":"","sticky":false,"template":"","format":"standard","meta":{"_kadence_starter_templates_imported_post":false,"_kad_post_transparent":"","_kad_post_title":"","_kad_post_layout":"","_kad_post_sidebar_id":"","_kad_post_content_style":"","_kad_post_vertical_padding":"","_kad_post_feature":"","_kad_post_feature_position":"","_kad_post_header":false,"_kad_post_footer":false,"_kad_post_classname":"","activitypub_content_warning":"","activitypub_content_visibility":"","activitypub_max_image_attachments":4,"activitypub_interaction_policy_quote":"anyone","activitypub_status":"federated","footnotes":""},"categories":[9],"tags":[],"class_list":["post-2105","post","type-post","status-publish","format-standard","hentry","category-premsa"],"_links":{"self":[{"href":"https:\/\/comiteslocals.org\/cas\/wp-json\/wp\/v2\/posts\/2105","targetHints":{"allow":["GET"]}}],"collection":[{"href":"https:\/\/comiteslocals.org\/cas\/wp-json\/wp\/v2\/posts"}],"about":[{"href":"https:\/\/comiteslocals.org\/cas\/wp-json\/wp\/v2\/types\/post"}],"author":[{"embeddable":true,"href":"https:\/\/comiteslocals.org\/cas\/wp-json\/wp\/v2\/users\/8"}],"replies":[{"embeddable":true,"href":"https:\/\/comiteslocals.org\/cas\/wp-json\/wp\/v2\/comments?post=2105"}],"version-history":[{"count":1,"href":"https:\/\/comiteslocals.org\/cas\/wp-json\/wp\/v2\/posts\/2105\/revisions"}],"predecessor-version":[{"id":2106,"href":"https:\/\/comiteslocals.org\/cas\/wp-json\/wp\/v2\/posts\/2105\/revisions\/2106"}],"wp:attachment":[{"href":"https:\/\/comiteslocals.org\/cas\/wp-json\/wp\/v2\/media?parent=2105"}],"wp:term":[{"taxonomy":"category","embeddable":true,"href":"https:\/\/comiteslocals.org\/cas\/wp-json\/wp\/v2\/categories?post=2105"},{"taxonomy":"post_tag","embeddable":true,"href":"https:\/\/comiteslocals.org\/cas\/wp-json\/wp\/v2\/tags?post=2105"}],"curies":[{"name":"wp","href":"https:\/\/api.w.org\/{rel}","templated":true}]}}