{"id":2108,"date":"2025-05-29T13:54:53","date_gmt":"2025-05-29T11:54:53","guid":{"rendered":"https:\/\/comiteslocals.org\/?p=2108"},"modified":"2026-03-09T13:55:33","modified_gmt":"2026-03-09T12:55:33","slug":"29m-masiva-manifestacion-y-huelga-general-en-el-pais-valencia-exige-la-dimision-de-mazon-por-la-gestion-criminal-de-la-dana","status":"publish","type":"post","link":"https:\/\/comiteslocals.org\/cas\/29m-masiva-manifestacion-y-huelga-general-en-el-pais-valencia-exige-la-dimision-de-mazon-por-la-gestion-criminal-de-la-dana\/","title":{"rendered":"29M: Masiva manifestaci\u00f3n y huelga general en el Pa\u00eds Valenci\u00e0 exige la dimisi\u00f3n de Maz\u00f3n por la gesti\u00f3n criminal de la DANA"},"content":{"rendered":"<p><a href=\"https:\/\/www.izquierdadiario.es\/DIRECTO-29M-Arranca-la-huelga-general-en-el-Pais-Valencia-que-exige-la-dimision-de-Mazon-por-la\">Izquierda Diario, 29 de maig de 2025: 29M: Masiva manifestaci\u00f3n y huelga general en el Pa\u00eds Valenci\u00e0 exige la dimisi\u00f3n de Maz\u00f3n por la gesti\u00f3n criminal de la DANA<\/a><\/p>","protected":false},"excerpt":{"rendered":"<p>Izquierda Diario, 29 de maig de 2025: 29M: Masiva manifestaci\u00f3n y huelga general en el Pa\u00eds Valenci\u00e0 exige la dimisi\u00f3n&#8230;<\/p>","protected":false},"author":8,"featured_media":0,"comment_status":"closed","ping_status":"","sticky":false,"template":"","format":"standard","meta":{"_kadence_starter_templates_imported_post":false,"_kad_post_transparent":"","_kad_post_title":"","_kad_post_layout":"","_kad_post_sidebar_id":"","_kad_post_content_style":"","_kad_post_vertical_padding":"","_kad_post_feature":"","_kad_post_feature_position":"","_kad_post_header":false,"_kad_post_footer":false,"_kad_post_classname":"","activitypub_content_warning":"","activitypub_content_visibility":"","activitypub_max_image_attachments":4,"activitypub_interaction_policy_quote":"anyone","activitypub_status":"federated","footnotes":""},"categories":[9],"tags":[],"class_list":["post-2108","post","type-post","status-publish","format-standard","hentry","category-premsa"],"_links":{"self":[{"href":"https:\/\/comiteslocals.org\/cas\/wp-json\/wp\/v2\/posts\/2108","targetHints":{"allow":["GET"]}}],"collection":[{"href":"https:\/\/comiteslocals.org\/cas\/wp-json\/wp\/v2\/posts"}],"about":[{"href":"https:\/\/comiteslocals.org\/cas\/wp-json\/wp\/v2\/types\/post"}],"author":[{"embeddable":true,"href":"https:\/\/comiteslocals.org\/cas\/wp-json\/wp\/v2\/users\/8"}],"replies":[{"embeddable":true,"href":"https:\/\/comiteslocals.org\/cas\/wp-json\/wp\/v2\/comments?post=2108"}],"version-history":[{"count":1,"href":"https:\/\/comiteslocals.org\/cas\/wp-json\/wp\/v2\/posts\/2108\/revisions"}],"predecessor-version":[{"id":2109,"href":"https:\/\/comiteslocals.org\/cas\/wp-json\/wp\/v2\/posts\/2108\/revisions\/2109"}],"wp:attachment":[{"href":"https:\/\/comiteslocals.org\/cas\/wp-json\/wp\/v2\/media?parent=2108"}],"wp:term":[{"taxonomy":"category","embeddable":true,"href":"https:\/\/comiteslocals.org\/cas\/wp-json\/wp\/v2\/categories?post=2108"},{"taxonomy":"post_tag","embeddable":true,"href":"https:\/\/comiteslocals.org\/cas\/wp-json\/wp\/v2\/tags?post=2108"}],"curies":[{"name":"wp","href":"https:\/\/api.w.org\/{rel}","templated":true}]}}