{"id":2132,"date":"2025-04-25T14:09:00","date_gmt":"2025-04-25T12:09:00","guid":{"rendered":"https:\/\/comiteslocals.org\/?p=2132"},"modified":"2026-03-09T14:09:44","modified_gmt":"2026-03-09T13:09:44","slug":"convocada-vaga-general-el-29-de-maig-per-la-dimissio-de-mazon","status":"publish","type":"post","link":"https:\/\/comiteslocals.org\/cas\/convocada-vaga-general-el-29-de-maig-per-la-dimissio-de-mazon\/","title":{"rendered":"Convocada vaga general el 29 de maig per la dimissi\u00f3 de Maz\u00f3n"},"content":{"rendered":"<p><a href=\"https:\/\/www.diarilaveu.cat\/societat\/convocada-vaga-general-el-29-de-maig-per-la-dimissio-de-mazon-585041\/\">Diari La Veu del Pa\u00eds Valenci\u00e0, 25 d&#8217;abril de 2025: Convocada vaga general el 29 de maig per la dimissi\u00f3 de Maz\u00f3n<\/a><\/p>","protected":false},"excerpt":{"rendered":"<p>Diari La Veu del Pa\u00eds Valenci\u00e0, 25 d&#8217;abril de 2025: Convocada vaga general el 29 de maig per la dimissi\u00f3&#8230;<\/p>","protected":false},"author":8,"featured_media":0,"comment_status":"closed","ping_status":"","sticky":false,"template":"","format":"standard","meta":{"_kadence_starter_templates_imported_post":false,"_kad_post_transparent":"","_kad_post_title":"","_kad_post_layout":"","_kad_post_sidebar_id":"","_kad_post_content_style":"","_kad_post_vertical_padding":"","_kad_post_feature":"","_kad_post_feature_position":"","_kad_post_header":false,"_kad_post_footer":false,"_kad_post_classname":"","activitypub_content_warning":"","activitypub_content_visibility":"","activitypub_max_image_attachments":4,"activitypub_interaction_policy_quote":"anyone","activitypub_status":"federated","footnotes":""},"categories":[9],"tags":[],"class_list":["post-2132","post","type-post","status-publish","format-standard","hentry","category-premsa"],"_links":{"self":[{"href":"https:\/\/comiteslocals.org\/cas\/wp-json\/wp\/v2\/posts\/2132","targetHints":{"allow":["GET"]}}],"collection":[{"href":"https:\/\/comiteslocals.org\/cas\/wp-json\/wp\/v2\/posts"}],"about":[{"href":"https:\/\/comiteslocals.org\/cas\/wp-json\/wp\/v2\/types\/post"}],"author":[{"embeddable":true,"href":"https:\/\/comiteslocals.org\/cas\/wp-json\/wp\/v2\/users\/8"}],"replies":[{"embeddable":true,"href":"https:\/\/comiteslocals.org\/cas\/wp-json\/wp\/v2\/comments?post=2132"}],"version-history":[{"count":1,"href":"https:\/\/comiteslocals.org\/cas\/wp-json\/wp\/v2\/posts\/2132\/revisions"}],"predecessor-version":[{"id":2133,"href":"https:\/\/comiteslocals.org\/cas\/wp-json\/wp\/v2\/posts\/2132\/revisions\/2133"}],"wp:attachment":[{"href":"https:\/\/comiteslocals.org\/cas\/wp-json\/wp\/v2\/media?parent=2132"}],"wp:term":[{"taxonomy":"category","embeddable":true,"href":"https:\/\/comiteslocals.org\/cas\/wp-json\/wp\/v2\/categories?post=2132"},{"taxonomy":"post_tag","embeddable":true,"href":"https:\/\/comiteslocals.org\/cas\/wp-json\/wp\/v2\/tags?post=2132"}],"curies":[{"name":"wp","href":"https:\/\/api.w.org\/{rel}","templated":true}]}}