{"id":2135,"date":"2026-03-09T14:12:21","date_gmt":"2026-03-09T13:12:21","guid":{"rendered":"https:\/\/comiteslocals.org\/?p=2135"},"modified":"2026-04-13T10:08:47","modified_gmt":"2026-04-13T08:08:47","slug":"comites-locales-de-emergencia-piden-una-moratoria-de-la-construccion-en-zonas-inundables","status":"publish","type":"post","link":"https:\/\/comiteslocals.org\/cas\/comites-locales-de-emergencia-piden-una-moratoria-de-la-construccion-en-zonas-inundables\/","title":{"rendered":"Comit\u00e9s Locales de Emergencia piden una moratoria de la construcci\u00f3n en zonas inundables"},"content":{"rendered":"<p><a href=\"https:\/\/www.infobae.com\/espana\/agencias\/2026\/03\/09\/comites-locales-de-emergencia-piden-una-moratoria-de-la-construccion-en-zonas-inundables\/\" target=\"_blank\" rel=\"noreferrer noopener\">InfoBae, 9 de mar\u00e7 de 2026: Comit\u00e9s Locales de Emergencia piden una moratoria de la construcci\u00f3n en zonas inundables<\/a><\/p>","protected":false},"excerpt":{"rendered":"<p>InfoBae, 9 de mar\u00e7 de 2026: Comit\u00e9s Locales de Emergencia piden una moratoria de la construcci\u00f3n en zonas inundables<\/p>","protected":false},"author":8,"featured_media":0,"comment_status":"closed","ping_status":"","sticky":false,"template":"","format":"standard","meta":{"_kadence_starter_templates_imported_post":false,"_kad_post_transparent":"","_kad_post_title":"","_kad_post_layout":"","_kad_post_sidebar_id":"","_kad_post_content_style":"","_kad_post_vertical_padding":"","_kad_post_feature":"","_kad_post_feature_position":"","_kad_post_header":false,"_kad_post_footer":false,"_kad_post_classname":"","activitypub_content_warning":"","activitypub_content_visibility":"","activitypub_max_image_attachments":4,"activitypub_interaction_policy_quote":"anyone","activitypub_status":"federated","footnotes":""},"categories":[9],"tags":[],"class_list":["post-2135","post","type-post","status-publish","format-standard","hentry","category-premsa"],"_links":{"self":[{"href":"https:\/\/comiteslocals.org\/cas\/wp-json\/wp\/v2\/posts\/2135","targetHints":{"allow":["GET"]}}],"collection":[{"href":"https:\/\/comiteslocals.org\/cas\/wp-json\/wp\/v2\/posts"}],"about":[{"href":"https:\/\/comiteslocals.org\/cas\/wp-json\/wp\/v2\/types\/post"}],"author":[{"embeddable":true,"href":"https:\/\/comiteslocals.org\/cas\/wp-json\/wp\/v2\/users\/8"}],"replies":[{"embeddable":true,"href":"https:\/\/comiteslocals.org\/cas\/wp-json\/wp\/v2\/comments?post=2135"}],"version-history":[{"count":2,"href":"https:\/\/comiteslocals.org\/cas\/wp-json\/wp\/v2\/posts\/2135\/revisions"}],"predecessor-version":[{"id":3224,"href":"https:\/\/comiteslocals.org\/cas\/wp-json\/wp\/v2\/posts\/2135\/revisions\/3224"}],"wp:attachment":[{"href":"https:\/\/comiteslocals.org\/cas\/wp-json\/wp\/v2\/media?parent=2135"}],"wp:term":[{"taxonomy":"category","embeddable":true,"href":"https:\/\/comiteslocals.org\/cas\/wp-json\/wp\/v2\/categories?post=2135"},{"taxonomy":"post_tag","embeddable":true,"href":"https:\/\/comiteslocals.org\/cas\/wp-json\/wp\/v2\/tags?post=2135"}],"curies":[{"name":"wp","href":"https:\/\/api.w.org\/{rel}","templated":true}]}}