{"id":2144,"date":"2025-02-21T08:25:04","date_gmt":"2025-02-21T07:25:04","guid":{"rendered":"https:\/\/comiteslocals.org\/?p=2144"},"modified":"2026-03-10T08:25:45","modified_gmt":"2026-03-10T07:25:45","slug":"aldaia-tambien-contara-con-comite-local-de-emergencias-para-aportar-propuestas-de-cara-a-la-recuperacion-del-municipio","status":"publish","type":"post","link":"https:\/\/comiteslocals.org\/cas\/aldaia-tambien-contara-con-comite-local-de-emergencias-para-aportar-propuestas-de-cara-a-la-recuperacion-del-municipio\/","title":{"rendered":"Aldaia tambi\u00e9n contar\u00e1 con Comit\u00e9 Local de Emergencias para aportar propuestas de cara a la recuperaci\u00f3n del municipio"},"content":{"rendered":"<p><a href=\"https:\/\/www.ondacero.es\/emisoras\/comunidad-valenciana\/valencia\/noticias\/aldaia-tambien-contara-comite-local-emergencias-aportar-propuestas-cara-recuperacion-municipio_2025022167b88995500f960001150bd4.html\">Onda Cero, 21 de febrer de 2025: Aldaia tambi\u00e9n contar\u00e1 con Comit\u00e9 Local de Emergencias para aportar propuestas de cara a la recuperaci\u00f3n del municipio<\/a><\/p>","protected":false},"excerpt":{"rendered":"<p>Onda Cero, 21 de febrer de 2025: Aldaia tambi\u00e9n contar\u00e1 con Comit\u00e9 Local de Emergencias para aportar propuestas de cara&#8230;<\/p>","protected":false},"author":8,"featured_media":0,"comment_status":"closed","ping_status":"","sticky":false,"template":"","format":"standard","meta":{"_kadence_starter_templates_imported_post":false,"_kad_post_transparent":"","_kad_post_title":"","_kad_post_layout":"","_kad_post_sidebar_id":"","_kad_post_content_style":"","_kad_post_vertical_padding":"","_kad_post_feature":"","_kad_post_feature_position":"","_kad_post_header":false,"_kad_post_footer":false,"_kad_post_classname":"","activitypub_content_warning":"","activitypub_content_visibility":"","activitypub_max_image_attachments":4,"activitypub_interaction_policy_quote":"anyone","activitypub_status":"federated","footnotes":""},"categories":[9],"tags":[],"class_list":["post-2144","post","type-post","status-publish","format-standard","hentry","category-premsa"],"_links":{"self":[{"href":"https:\/\/comiteslocals.org\/cas\/wp-json\/wp\/v2\/posts\/2144","targetHints":{"allow":["GET"]}}],"collection":[{"href":"https:\/\/comiteslocals.org\/cas\/wp-json\/wp\/v2\/posts"}],"about":[{"href":"https:\/\/comiteslocals.org\/cas\/wp-json\/wp\/v2\/types\/post"}],"author":[{"embeddable":true,"href":"https:\/\/comiteslocals.org\/cas\/wp-json\/wp\/v2\/users\/8"}],"replies":[{"embeddable":true,"href":"https:\/\/comiteslocals.org\/cas\/wp-json\/wp\/v2\/comments?post=2144"}],"version-history":[{"count":1,"href":"https:\/\/comiteslocals.org\/cas\/wp-json\/wp\/v2\/posts\/2144\/revisions"}],"predecessor-version":[{"id":2145,"href":"https:\/\/comiteslocals.org\/cas\/wp-json\/wp\/v2\/posts\/2144\/revisions\/2145"}],"wp:attachment":[{"href":"https:\/\/comiteslocals.org\/cas\/wp-json\/wp\/v2\/media?parent=2144"}],"wp:term":[{"taxonomy":"category","embeddable":true,"href":"https:\/\/comiteslocals.org\/cas\/wp-json\/wp\/v2\/categories?post=2144"},{"taxonomy":"post_tag","embeddable":true,"href":"https:\/\/comiteslocals.org\/cas\/wp-json\/wp\/v2\/tags?post=2144"}],"curies":[{"name":"wp","href":"https:\/\/api.w.org\/{rel}","templated":true}]}}