{"id":2159,"date":"2025-10-25T09:09:54","date_gmt":"2025-10-25T07:09:54","guid":{"rendered":"https:\/\/comiteslocals.org\/?p=2159"},"modified":"2026-04-13T11:07:40","modified_gmt":"2026-04-13T09:07:40","slug":"un-ano-despues-victimas-de-la-dana-alzan-la-voz-por-quien-ya-no-puede-levantarla","status":"publish","type":"post","link":"https:\/\/comiteslocals.org\/cas\/un-ano-despues-victimas-de-la-dana-alzan-la-voz-por-quien-ya-no-puede-levantarla\/","title":{"rendered":"Un a\u00f1o despu\u00e9s, v\u00edctimas de la DANA alzan la voz \u00abpor quien ya no puede levantarla\u00bb"},"content":{"rendered":"<p><a href=\"https:\/\/www.naiz.eus\/es\/info\/noticia\/20251025\/un-ano-despues-victimas-de-la-dana-alzan-la-voz-por-quien-ya-no-puede-levantarla\" target=\"_blank\" rel=\"noreferrer noopener\">Naiz, 25 d&#8217;octubre de 2025: Un a\u00f1o despu\u00e9s, v\u00edctimas de la DANA alzan la voz \u00abpor quien ya no puede levantarla\u00bb<\/a><\/p>","protected":false},"excerpt":{"rendered":"<p>Naiz, 25 d&#8217;octubre de 2025: Un a\u00f1o despu\u00e9s, v\u00edctimas de la DANA alzan la voz \u00abpor quien ya no puede&#8230;<\/p>","protected":false},"author":8,"featured_media":0,"comment_status":"closed","ping_status":"","sticky":false,"template":"","format":"standard","meta":{"_kadence_starter_templates_imported_post":false,"_kad_post_transparent":"","_kad_post_title":"","_kad_post_layout":"","_kad_post_sidebar_id":"","_kad_post_content_style":"","_kad_post_vertical_padding":"","_kad_post_feature":"","_kad_post_feature_position":"","_kad_post_header":false,"_kad_post_footer":false,"_kad_post_classname":"","activitypub_content_warning":"","activitypub_content_visibility":"","activitypub_max_image_attachments":4,"activitypub_interaction_policy_quote":"anyone","activitypub_status":"federated","footnotes":""},"categories":[9],"tags":[],"class_list":["post-2159","post","type-post","status-publish","format-standard","hentry","category-premsa"],"_links":{"self":[{"href":"https:\/\/comiteslocals.org\/cas\/wp-json\/wp\/v2\/posts\/2159","targetHints":{"allow":["GET"]}}],"collection":[{"href":"https:\/\/comiteslocals.org\/cas\/wp-json\/wp\/v2\/posts"}],"about":[{"href":"https:\/\/comiteslocals.org\/cas\/wp-json\/wp\/v2\/types\/post"}],"author":[{"embeddable":true,"href":"https:\/\/comiteslocals.org\/cas\/wp-json\/wp\/v2\/users\/8"}],"replies":[{"embeddable":true,"href":"https:\/\/comiteslocals.org\/cas\/wp-json\/wp\/v2\/comments?post=2159"}],"version-history":[{"count":2,"href":"https:\/\/comiteslocals.org\/cas\/wp-json\/wp\/v2\/posts\/2159\/revisions"}],"predecessor-version":[{"id":3545,"href":"https:\/\/comiteslocals.org\/cas\/wp-json\/wp\/v2\/posts\/2159\/revisions\/3545"}],"wp:attachment":[{"href":"https:\/\/comiteslocals.org\/cas\/wp-json\/wp\/v2\/media?parent=2159"}],"wp:term":[{"taxonomy":"category","embeddable":true,"href":"https:\/\/comiteslocals.org\/cas\/wp-json\/wp\/v2\/categories?post=2159"},{"taxonomy":"post_tag","embeddable":true,"href":"https:\/\/comiteslocals.org\/cas\/wp-json\/wp\/v2\/tags?post=2159"}],"curies":[{"name":"wp","href":"https:\/\/api.w.org\/{rel}","templated":true}]}}