{"id":2165,"date":"2026-03-10T21:27:12","date_gmt":"2026-03-10T20:27:12","guid":{"rendered":"https:\/\/comiteslocals.org\/?p=2165"},"modified":"2026-04-13T10:09:02","modified_gmt":"2026-04-13T08:09:02","slug":"la-geografa-ana-camarasa-lidera-la-formacion-sobre-riesgo-de-inundaciones-en-diez-municipios-de-lhorta-sud","status":"publish","type":"post","link":"https:\/\/comiteslocals.org\/cas\/la-geografa-ana-camarasa-lidera-la-formacion-sobre-riesgo-de-inundaciones-en-diez-municipios-de-lhorta-sud\/","title":{"rendered":"La ge\u00f3grafa Ana Camarasa lidera la formaci\u00f3n sobre riesgo de inundaciones en diez municipios de l\u2019Horta Sud"},"content":{"rendered":"<p><a href=\"https:\/\/www.levante-emv.com\/horta\/2026\/03\/10\/decena-municipios-horta-sud-recibira-formacion-riesgo-inundaciones-uv-ana-camarasa-127785837.html\" target=\"_blank\" rel=\"noreferrer noopener\">Levante &#8211; EMV, 10 de mar\u00e7 de 2026: La ge\u00f3grafa Ana Camarasa lidera la formaci\u00f3n sobre riesgo de inundaciones en diez municipios de l\u2019Horta Sud<\/a><\/p>","protected":false},"excerpt":{"rendered":"<p>Levante &#8211; EMV, 10 de mar\u00e7 de 2026: La ge\u00f3grafa Ana Camarasa lidera la formaci\u00f3n sobre riesgo de inundaciones en&#8230;<\/p>","protected":false},"author":8,"featured_media":0,"comment_status":"closed","ping_status":"","sticky":false,"template":"","format":"standard","meta":{"_kadence_starter_templates_imported_post":false,"_kad_post_transparent":"","_kad_post_title":"","_kad_post_layout":"","_kad_post_sidebar_id":"","_kad_post_content_style":"","_kad_post_vertical_padding":"","_kad_post_feature":"","_kad_post_feature_position":"","_kad_post_header":false,"_kad_post_footer":false,"_kad_post_classname":"","activitypub_content_warning":"","activitypub_content_visibility":"","activitypub_max_image_attachments":4,"activitypub_interaction_policy_quote":"anyone","activitypub_status":"federated","footnotes":""},"categories":[9],"tags":[],"class_list":["post-2165","post","type-post","status-publish","format-standard","hentry","category-premsa"],"_links":{"self":[{"href":"https:\/\/comiteslocals.org\/cas\/wp-json\/wp\/v2\/posts\/2165","targetHints":{"allow":["GET"]}}],"collection":[{"href":"https:\/\/comiteslocals.org\/cas\/wp-json\/wp\/v2\/posts"}],"about":[{"href":"https:\/\/comiteslocals.org\/cas\/wp-json\/wp\/v2\/types\/post"}],"author":[{"embeddable":true,"href":"https:\/\/comiteslocals.org\/cas\/wp-json\/wp\/v2\/users\/8"}],"replies":[{"embeddable":true,"href":"https:\/\/comiteslocals.org\/cas\/wp-json\/wp\/v2\/comments?post=2165"}],"version-history":[{"count":2,"href":"https:\/\/comiteslocals.org\/cas\/wp-json\/wp\/v2\/posts\/2165\/revisions"}],"predecessor-version":[{"id":3230,"href":"https:\/\/comiteslocals.org\/cas\/wp-json\/wp\/v2\/posts\/2165\/revisions\/3230"}],"wp:attachment":[{"href":"https:\/\/comiteslocals.org\/cas\/wp-json\/wp\/v2\/media?parent=2165"}],"wp:term":[{"taxonomy":"category","embeddable":true,"href":"https:\/\/comiteslocals.org\/cas\/wp-json\/wp\/v2\/categories?post=2165"},{"taxonomy":"post_tag","embeddable":true,"href":"https:\/\/comiteslocals.org\/cas\/wp-json\/wp\/v2\/tags?post=2165"}],"curies":[{"name":"wp","href":"https:\/\/api.w.org\/{rel}","templated":true}]}}