{"id":2180,"date":"2026-03-04T06:24:31","date_gmt":"2026-03-04T05:24:31","guid":{"rendered":"https:\/\/comiteslocals.org\/?p=2180"},"modified":"2026-04-13T10:12:34","modified_gmt":"2026-04-13T08:12:34","slug":"colectivos-sociales-rechazan-que-el-concejal-del-pp-de-valencia-que-desprecio-al-movimiento-vecinal-este-en-la-comision-mixta-de-la-dana","status":"publish","type":"post","link":"https:\/\/comiteslocals.org\/cas\/colectivos-sociales-rechazan-que-el-concejal-del-pp-de-valencia-que-desprecio-al-movimiento-vecinal-este-en-la-comision-mixta-de-la-dana\/","title":{"rendered":"Colectivos sociales rechazan que el concejal del PP de Val\u00e8ncia que despreci\u00f3 al movimiento vecinal est\u00e9 en la comisi\u00f3n mixta de la dana"},"content":{"rendered":"<p><a href=\"https:\/\/www.eldiario.es\/comunitat-valenciana\/politica\/colectivos-sociales-rechazan-concejal-pp-valencia-desprecio-movimiento-vecinal-comision-mixta-dana_1_13040915.html\" target=\"_blank\" rel=\"noreferrer noopener\">ElDiario.es, 4 de mar\u00e7 de 2026: Colectivos sociales rechazan que el concejal del PP de Val\u00e8ncia que despreci\u00f3 al movimiento vecinal est\u00e9 en la comisi\u00f3n mixta de la dana<\/a><\/p>","protected":false},"excerpt":{"rendered":"<p>ElDiario.es, 4 de mar\u00e7 de 2026: Colectivos sociales rechazan que el concejal del PP de Val\u00e8ncia que despreci\u00f3 al movimiento&#8230;<\/p>","protected":false},"author":8,"featured_media":0,"comment_status":"closed","ping_status":"","sticky":false,"template":"","format":"standard","meta":{"_kadence_starter_templates_imported_post":false,"_kad_post_transparent":"","_kad_post_title":"","_kad_post_layout":"","_kad_post_sidebar_id":"","_kad_post_content_style":"","_kad_post_vertical_padding":"","_kad_post_feature":"","_kad_post_feature_position":"","_kad_post_header":false,"_kad_post_footer":false,"_kad_post_classname":"","activitypub_content_warning":"","activitypub_content_visibility":"","activitypub_max_image_attachments":4,"activitypub_interaction_policy_quote":"anyone","activitypub_status":"federated","footnotes":""},"categories":[9],"tags":[],"class_list":["post-2180","post","type-post","status-publish","format-standard","hentry","category-premsa"],"_links":{"self":[{"href":"https:\/\/comiteslocals.org\/cas\/wp-json\/wp\/v2\/posts\/2180","targetHints":{"allow":["GET"]}}],"collection":[{"href":"https:\/\/comiteslocals.org\/cas\/wp-json\/wp\/v2\/posts"}],"about":[{"href":"https:\/\/comiteslocals.org\/cas\/wp-json\/wp\/v2\/types\/post"}],"author":[{"embeddable":true,"href":"https:\/\/comiteslocals.org\/cas\/wp-json\/wp\/v2\/users\/8"}],"replies":[{"embeddable":true,"href":"https:\/\/comiteslocals.org\/cas\/wp-json\/wp\/v2\/comments?post=2180"}],"version-history":[{"count":2,"href":"https:\/\/comiteslocals.org\/cas\/wp-json\/wp\/v2\/posts\/2180\/revisions"}],"predecessor-version":[{"id":3264,"href":"https:\/\/comiteslocals.org\/cas\/wp-json\/wp\/v2\/posts\/2180\/revisions\/3264"}],"wp:attachment":[{"href":"https:\/\/comiteslocals.org\/cas\/wp-json\/wp\/v2\/media?parent=2180"}],"wp:term":[{"taxonomy":"category","embeddable":true,"href":"https:\/\/comiteslocals.org\/cas\/wp-json\/wp\/v2\/categories?post=2180"},{"taxonomy":"post_tag","embeddable":true,"href":"https:\/\/comiteslocals.org\/cas\/wp-json\/wp\/v2\/tags?post=2180"}],"curies":[{"name":"wp","href":"https:\/\/api.w.org\/{rel}","templated":true}]}}