{"id":2183,"date":"2025-07-22T06:26:23","date_gmt":"2025-07-22T04:26:23","guid":{"rendered":"https:\/\/comiteslocals.org\/?p=2183"},"modified":"2026-03-11T06:27:01","modified_gmt":"2026-03-11T05:27:01","slug":"los-comites-locales-de-emergencia-y-reconstruccion-denuncian-la-insuficiencia-del-plan-estatal-contra-las-danas-del-ministerio-para-la-transicion-ecologica","status":"publish","type":"post","link":"https:\/\/comiteslocals.org\/cas\/los-comites-locales-de-emergencia-y-reconstruccion-denuncian-la-insuficiencia-del-plan-estatal-contra-las-danas-del-ministerio-para-la-transicion-ecologica\/","title":{"rendered":"Los Comit\u00e9s Locales de Emergencia y Reconstrucci\u00f3n denuncian la insuficiencia del Plan estatal contra las DANAs del Ministerio para la Transici\u00f3n Ecol\u00f3gica"},"content":{"rendered":"<p><a href=\"https:\/\/www.ondacero.es\/emisoras\/comunidad-valenciana\/valencia\/noticias\/comites-locales-emergencia-reconstruccion-denuncian-insuficiencia-plan-estatal-danas-ministerio-transicion-ecologica_20250722687f83c6abb2960d1fb0bb15.html\">Onda Cero, 22 de juliol de 2025, Los Comit\u00e9s Locales de Emergencia y Reconstrucci\u00f3n denuncian la insuficiencia del Plan estatal contra las DANAs del Ministerio para la Transici\u00f3n Ecol\u00f3gica<\/a><\/p>","protected":false},"excerpt":{"rendered":"<p>Onda Cero, 22 de juliol de 2025, Los Comit\u00e9s Locales de Emergencia y Reconstrucci\u00f3n denuncian la insuficiencia del Plan estatal&#8230;<\/p>","protected":false},"author":8,"featured_media":0,"comment_status":"closed","ping_status":"","sticky":false,"template":"","format":"standard","meta":{"_kadence_starter_templates_imported_post":false,"_kad_post_transparent":"","_kad_post_title":"","_kad_post_layout":"","_kad_post_sidebar_id":"","_kad_post_content_style":"","_kad_post_vertical_padding":"","_kad_post_feature":"","_kad_post_feature_position":"","_kad_post_header":false,"_kad_post_footer":false,"_kad_post_classname":"","activitypub_content_warning":"","activitypub_content_visibility":"","activitypub_max_image_attachments":4,"activitypub_interaction_policy_quote":"anyone","activitypub_status":"federated","footnotes":""},"categories":[9],"tags":[],"class_list":["post-2183","post","type-post","status-publish","format-standard","hentry","category-premsa"],"_links":{"self":[{"href":"https:\/\/comiteslocals.org\/cas\/wp-json\/wp\/v2\/posts\/2183","targetHints":{"allow":["GET"]}}],"collection":[{"href":"https:\/\/comiteslocals.org\/cas\/wp-json\/wp\/v2\/posts"}],"about":[{"href":"https:\/\/comiteslocals.org\/cas\/wp-json\/wp\/v2\/types\/post"}],"author":[{"embeddable":true,"href":"https:\/\/comiteslocals.org\/cas\/wp-json\/wp\/v2\/users\/8"}],"replies":[{"embeddable":true,"href":"https:\/\/comiteslocals.org\/cas\/wp-json\/wp\/v2\/comments?post=2183"}],"version-history":[{"count":1,"href":"https:\/\/comiteslocals.org\/cas\/wp-json\/wp\/v2\/posts\/2183\/revisions"}],"predecessor-version":[{"id":2184,"href":"https:\/\/comiteslocals.org\/cas\/wp-json\/wp\/v2\/posts\/2183\/revisions\/2184"}],"wp:attachment":[{"href":"https:\/\/comiteslocals.org\/cas\/wp-json\/wp\/v2\/media?parent=2183"}],"wp:term":[{"taxonomy":"category","embeddable":true,"href":"https:\/\/comiteslocals.org\/cas\/wp-json\/wp\/v2\/categories?post=2183"},{"taxonomy":"post_tag","embeddable":true,"href":"https:\/\/comiteslocals.org\/cas\/wp-json\/wp\/v2\/tags?post=2183"}],"curies":[{"name":"wp","href":"https:\/\/api.w.org\/{rel}","templated":true}]}}