{"id":2210,"date":"2025-06-03T06:57:55","date_gmt":"2025-06-03T04:57:55","guid":{"rendered":"https:\/\/comiteslocals.org\/?p=2210"},"modified":"2026-03-11T06:58:34","modified_gmt":"2026-03-11T05:58:34","slug":"los-familiares-de-las-victimas-de-la-dana-piden-a-los-ayuntamientos-que-reconozcan-a-los-comites-de-reconstruccion","status":"publish","type":"post","link":"https:\/\/comiteslocals.org\/cas\/los-familiares-de-las-victimas-de-la-dana-piden-a-los-ayuntamientos-que-reconozcan-a-los-comites-de-reconstruccion\/","title":{"rendered":"Los familiares de las v\u00edctimas de la dana piden a los ayuntamientos que reconozcan a los comit\u00e9s de reconstrucci\u00f3n"},"content":{"rendered":"<p><a href=\"https:\/\/www.lasprovincias.es\/horta\/familiares-victimas-dana-piden-ayuntamientos-reconozcan-comites-20250603152201-nt.html\">Las Provincias, 3 de juny: Los familiares de las v\u00edctimas de la dana piden a los ayuntamientos que reconozcan a los comit\u00e9s de reconstrucci\u00f3n<\/a><\/p>","protected":false},"excerpt":{"rendered":"<p>Las Provincias, 3 de juny: Los familiares de las v\u00edctimas de la dana piden a los ayuntamientos que reconozcan a&#8230;<\/p>","protected":false},"author":8,"featured_media":0,"comment_status":"closed","ping_status":"","sticky":false,"template":"","format":"standard","meta":{"_kadence_starter_templates_imported_post":false,"_kad_post_transparent":"","_kad_post_title":"","_kad_post_layout":"","_kad_post_sidebar_id":"","_kad_post_content_style":"","_kad_post_vertical_padding":"","_kad_post_feature":"","_kad_post_feature_position":"","_kad_post_header":false,"_kad_post_footer":false,"_kad_post_classname":"","activitypub_content_warning":"","activitypub_content_visibility":"","activitypub_max_image_attachments":4,"activitypub_interaction_policy_quote":"anyone","activitypub_status":"federated","footnotes":""},"categories":[9],"tags":[],"class_list":["post-2210","post","type-post","status-publish","format-standard","hentry","category-premsa"],"_links":{"self":[{"href":"https:\/\/comiteslocals.org\/cas\/wp-json\/wp\/v2\/posts\/2210","targetHints":{"allow":["GET"]}}],"collection":[{"href":"https:\/\/comiteslocals.org\/cas\/wp-json\/wp\/v2\/posts"}],"about":[{"href":"https:\/\/comiteslocals.org\/cas\/wp-json\/wp\/v2\/types\/post"}],"author":[{"embeddable":true,"href":"https:\/\/comiteslocals.org\/cas\/wp-json\/wp\/v2\/users\/8"}],"replies":[{"embeddable":true,"href":"https:\/\/comiteslocals.org\/cas\/wp-json\/wp\/v2\/comments?post=2210"}],"version-history":[{"count":1,"href":"https:\/\/comiteslocals.org\/cas\/wp-json\/wp\/v2\/posts\/2210\/revisions"}],"predecessor-version":[{"id":2211,"href":"https:\/\/comiteslocals.org\/cas\/wp-json\/wp\/v2\/posts\/2210\/revisions\/2211"}],"wp:attachment":[{"href":"https:\/\/comiteslocals.org\/cas\/wp-json\/wp\/v2\/media?parent=2210"}],"wp:term":[{"taxonomy":"category","embeddable":true,"href":"https:\/\/comiteslocals.org\/cas\/wp-json\/wp\/v2\/categories?post=2210"},{"taxonomy":"post_tag","embeddable":true,"href":"https:\/\/comiteslocals.org\/cas\/wp-json\/wp\/v2\/tags?post=2210"}],"curies":[{"name":"wp","href":"https:\/\/api.w.org\/{rel}","templated":true}]}}