{"id":2242,"date":"2025-04-11T06:27:11","date_gmt":"2025-04-11T04:27:11","guid":{"rendered":"https:\/\/comiteslocals.org\/?p=2242"},"modified":"2026-03-12T06:28:22","modified_gmt":"2026-03-12T05:28:22","slug":"ple-acta-de-la-sessio-extraordinaria-del-dia-11-dabril-de-2025","status":"publish","type":"post","link":"https:\/\/comiteslocals.org\/cas\/ple-acta-de-la-sessio-extraordinaria-del-dia-11-dabril-de-2025\/","title":{"rendered":"Ple &#8211; Acta de la sessi\u00f3 extraordin\u00e0ria del dia 11 d&#8217;abril de 2025"},"content":{"rendered":"<p><a href=\"https:\/\/www.valencia.es\/documents\/20142\/264010\/A_00001_20250411_1100_0_firmadoweb.pdf\/ccaf7a07-a59f-efe0-c0ff-18c46948bc79?t=1746444800940\">Ajuntament de Val\u00e8ncia, 11 d&#8217;abril de 2025: Ple &#8211; Acta de la sessi\u00f3 extraordin\u00e0ria del dia 11 d&#8217;abril de 2025<\/a><\/p>","protected":false},"excerpt":{"rendered":"<p>Ajuntament de Val\u00e8ncia, 11 d&#8217;abril de 2025: Ple &#8211; Acta de la sessi\u00f3 extraordin\u00e0ria del dia 11 d&#8217;abril de 2025<\/p>","protected":false},"author":8,"featured_media":0,"comment_status":"closed","ping_status":"","sticky":false,"template":"","format":"standard","meta":{"_kadence_starter_templates_imported_post":false,"_kad_post_transparent":"","_kad_post_title":"","_kad_post_layout":"","_kad_post_sidebar_id":"","_kad_post_content_style":"","_kad_post_vertical_padding":"","_kad_post_feature":"","_kad_post_feature_position":"","_kad_post_header":false,"_kad_post_footer":false,"_kad_post_classname":"","activitypub_content_warning":"","activitypub_content_visibility":"","activitypub_max_image_attachments":4,"activitypub_interaction_policy_quote":"anyone","activitypub_status":"federated","footnotes":""},"categories":[11],"tags":[],"class_list":["post-2242","post","type-post","status-publish","format-standard","hentry","category-institucions"],"_links":{"self":[{"href":"https:\/\/comiteslocals.org\/cas\/wp-json\/wp\/v2\/posts\/2242","targetHints":{"allow":["GET"]}}],"collection":[{"href":"https:\/\/comiteslocals.org\/cas\/wp-json\/wp\/v2\/posts"}],"about":[{"href":"https:\/\/comiteslocals.org\/cas\/wp-json\/wp\/v2\/types\/post"}],"author":[{"embeddable":true,"href":"https:\/\/comiteslocals.org\/cas\/wp-json\/wp\/v2\/users\/8"}],"replies":[{"embeddable":true,"href":"https:\/\/comiteslocals.org\/cas\/wp-json\/wp\/v2\/comments?post=2242"}],"version-history":[{"count":1,"href":"https:\/\/comiteslocals.org\/cas\/wp-json\/wp\/v2\/posts\/2242\/revisions"}],"predecessor-version":[{"id":2243,"href":"https:\/\/comiteslocals.org\/cas\/wp-json\/wp\/v2\/posts\/2242\/revisions\/2243"}],"wp:attachment":[{"href":"https:\/\/comiteslocals.org\/cas\/wp-json\/wp\/v2\/media?parent=2242"}],"wp:term":[{"taxonomy":"category","embeddable":true,"href":"https:\/\/comiteslocals.org\/cas\/wp-json\/wp\/v2\/categories?post=2242"},{"taxonomy":"post_tag","embeddable":true,"href":"https:\/\/comiteslocals.org\/cas\/wp-json\/wp\/v2\/tags?post=2242"}],"curies":[{"name":"wp","href":"https:\/\/api.w.org\/{rel}","templated":true}]}}