{"id":4336,"date":"2025-10-21T19:51:54","date_gmt":"2025-10-21T17:51:54","guid":{"rendered":"https:\/\/comiteslocals.org\/?p=4336"},"modified":"2026-04-22T19:52:36","modified_gmt":"2026-04-22T17:52:36","slug":"los-afectados-por-la-dana-piden-a-la-sociedad-valenciana-que-les-acompanen-en-la-manifestacion-convocada-para-este-sabado","status":"publish","type":"post","link":"https:\/\/comiteslocals.org\/cas\/los-afectados-por-la-dana-piden-a-la-sociedad-valenciana-que-les-acompanen-en-la-manifestacion-convocada-para-este-sabado\/","title":{"rendered":"Los afectados por la DANA piden a la sociedad valenciana que les acompa\u00f1en en la manifestaci\u00f3n convocada para este s\u00e1bado"},"content":{"rendered":"<p><a href=\"https:\/\/www.ondacero.es\/emisoras\/comunidad-valenciana\/valencia\/noticias\/afectados-dana-piden-sociedad-valenciana-que-les-acompanen-manifestacion-proximo-sabado_2025102168f77bd3e9f181463a9bbd7b.html\">Onda Cero, 21 d&#8217;octubre de 2025: Los afectados por la DANA piden a la sociedad valenciana que les acompa\u00f1en en la manifestaci\u00f3n convocada para este s\u00e1bado<\/a><\/p>","protected":false},"excerpt":{"rendered":"<p>Onda Cero, 21 d&#8217;octubre de 2025: Los afectados por la DANA piden a la sociedad valenciana que les acompa\u00f1en en&#8230;<\/p>","protected":false},"author":8,"featured_media":0,"comment_status":"closed","ping_status":"","sticky":false,"template":"","format":"standard","meta":{"_kadence_starter_templates_imported_post":false,"_kad_post_transparent":"","_kad_post_title":"","_kad_post_layout":"","_kad_post_sidebar_id":"","_kad_post_content_style":"","_kad_post_vertical_padding":"","_kad_post_feature":"","_kad_post_feature_position":"","_kad_post_header":false,"_kad_post_footer":false,"_kad_post_classname":"","activitypub_content_warning":"","activitypub_content_visibility":"local","activitypub_max_image_attachments":4,"activitypub_interaction_policy_quote":"anyone","activitypub_status":"","footnotes":""},"categories":[9],"tags":[],"class_list":["post-4336","post","type-post","status-publish","format-standard","hentry","category-premsa"],"_links":{"self":[{"href":"https:\/\/comiteslocals.org\/cas\/wp-json\/wp\/v2\/posts\/4336","targetHints":{"allow":["GET"]}}],"collection":[{"href":"https:\/\/comiteslocals.org\/cas\/wp-json\/wp\/v2\/posts"}],"about":[{"href":"https:\/\/comiteslocals.org\/cas\/wp-json\/wp\/v2\/types\/post"}],"author":[{"embeddable":true,"href":"https:\/\/comiteslocals.org\/cas\/wp-json\/wp\/v2\/users\/8"}],"replies":[{"embeddable":true,"href":"https:\/\/comiteslocals.org\/cas\/wp-json\/wp\/v2\/comments?post=4336"}],"version-history":[{"count":1,"href":"https:\/\/comiteslocals.org\/cas\/wp-json\/wp\/v2\/posts\/4336\/revisions"}],"predecessor-version":[{"id":4337,"href":"https:\/\/comiteslocals.org\/cas\/wp-json\/wp\/v2\/posts\/4336\/revisions\/4337"}],"wp:attachment":[{"href":"https:\/\/comiteslocals.org\/cas\/wp-json\/wp\/v2\/media?parent=4336"}],"wp:term":[{"taxonomy":"category","embeddable":true,"href":"https:\/\/comiteslocals.org\/cas\/wp-json\/wp\/v2\/categories?post=4336"},{"taxonomy":"post_tag","embeddable":true,"href":"https:\/\/comiteslocals.org\/cas\/wp-json\/wp\/v2\/tags?post=4336"}],"curies":[{"name":"wp","href":"https:\/\/api.w.org\/{rel}","templated":true}]}}