{"id":4382,"date":"2026-05-01T07:50:55","date_gmt":"2026-05-01T05:50:55","guid":{"rendered":"https:\/\/comiteslocals.org\/?p=4382"},"modified":"2026-05-01T07:52:34","modified_gmt":"2026-05-01T05:52:34","slug":"els-cler-el-primer-de-maig","status":"publish","type":"post","link":"https:\/\/comiteslocals.org\/cas\/els-cler-el-primer-de-maig\/","title":{"rendered":"Els CLER, el primer de maig"},"content":{"rendered":"<p>Els Comit\u00e9s Locals d\u2019Emerg\u00e8ncia i Reconstrucci\u00f3 dels pobles anegats per la DANA estem molt agra\u00efts als sindicats de clase i combatius. I per molts motius.<\/p>\n\n\n\n<p>Abans de l\u2019emerg\u00e8ncia, per lluitar cada dia pels nostres drets laborals, que \u00e9s lluitar per la nostra seguretat i les nostres vides. La baixa per inundaci\u00f3, el perm\u00eds laboral per risc clim\u00e0tic, el dret a no acudir al lloc de treball en alerta roja, o a adaptar la jornada en alerta taronja. I tot el que ens falta per guanyar. Qualsevol dret laboral sols \u00e9s posible des de la lluita sindical.<\/p>\n\n\n\n<p>Durant l\u2019emerg\u00e8ncia i la post-emerg\u00e8ncia tras la DANA, per tota l\u2019ajuda material, la organitzaci\u00f3 i la solidaritat, continuada durant mesos. Tamb\u00e9 per l\u2019asesoria laboral en aquelles setmanes confuses. Tots sabeu el que vareu fer, i tots sabem l\u2019ajuda que vam rebre i que tan neces\u00e0ria era.<\/p>\n\n\n\n<p>I en el llarg treball per a la reconstrucci\u00f3 social, que encara contin\u00faa, els mateixos sindicats ens heu acompanyat durant totes les mobilitzacions, amb una const\u00e0ncia exemplar. En totes les mobilitzacions, per\u00f2 hi ha que destacar la Vaga General, hist\u00f2rica, del 29 de maig de 2025, que no hauria sigut posible sense el suport sindical. Gr\u00e0cies per sempre.<\/p>\n\n\n\n<p>I es que sols una clase treballadora ben organitzada pot avan\u00e7ar cap al model territorial que proposem des dels CLER. I, encara que els CLER sols portem un any treballant, podem ja parlar de avan\u00e7os, i de objectius.<\/p>\n\n\n\n<p>Des d\u2019all\u00f2 m\u00e9s petit i anecd\u00f3tic, un exemple: aquesta setmana s\u2019han aprovat declaracions institucionals, en diversos municipis de la zona DANA, reclamant un transport p\u00fablic digne. Aix\u00f2 va ser una demanda dels CLER. Una demanda de m\u00ednims per a la clase treballadora. Qu\u00e9 menys que poder anar a treballar en un transport digne. Una cosa xicoteta, potser. Per\u00f2, \u00bfposar d\u2019acord a PSOE i PP, a Comprom\u00eds i VOX, en diversos municipis, i que voten per unanimitat? Tampoc \u00e9s cosa tan xicoteta, en realitat.<\/p>\n\n\n\n<p>Un avan\u00e7 m\u00e9s gran: despr\u00e9s d\u2019un any de mobilitzacions, finalment vam fer dimitir a Maz\u00f3n. Un primer pas cap a Fontcalent per a ell. I un pas necesari per a respectar la nostra dignitat. \u00a1Menysprear les nostres vides no pot sortir gratis, ni per a patrons ni per a governants! De nou, una lluita des d\u2019avall, des dels arrels. Una lluita fructifera.<\/p>\n\n\n\n<p>I un objectiu m\u00e9s gran encara, de futur: ens plantem davant d\u2019aquells que ens volen emprar com a zona de sacrifici per fer negoci. Tenim l\u2019objectiu de protegir el nostre territori davant l\u2019impermeabilitzaci\u00f3 que suposarien els seus megaprojectes, la seva reconstrucci\u00f3 de formig\u00f3 i corrupci\u00f3 (i barracons!). Des de dalt, volen concentrar el capital encara m\u00e9s. Ells volen posar els seus beneficis per davant de les nostres vides.<\/p>\n\n\n\n<p>Des d\u2019avall, nosaltres ens farem forts per a tractar d\u2019imposar una morat\u00f2ria ciutadana davant les accions que considerem que atenten contra la nostra seguretat. I, si no podem parar-ho tot, perque les correlacions de for\u00e7es son les que son, davant els crims que no puguem evitar, lluitarem per a que rendisquen comptes com criminals que son. No els sortir\u00e0 gratis. Mai m\u00e9s els sortir\u00e0 gratis.<\/p>\n\n\n\n<p>Volem vore l\u2019horta, i no la terra morta!<\/p>","protected":false},"excerpt":{"rendered":"<p>Els Comit\u00e9s Locals d\u2019Emerg\u00e8ncia i Reconstrucci\u00f3 dels pobles anegats per la DANA estem molt agra\u00efts als sindicats de clase i&#8230;<\/p>","protected":false},"author":8,"featured_media":0,"comment_status":"closed","ping_status":"","sticky":false,"template":"","format":"status","meta":{"_kadence_starter_templates_imported_post":false,"_kad_post_transparent":"","_kad_post_title":"","_kad_post_layout":"","_kad_post_sidebar_id":"","_kad_post_content_style":"","_kad_post_vertical_padding":"","_kad_post_feature":"","_kad_post_feature_position":"","_kad_post_header":false,"_kad_post_footer":false,"_kad_post_classname":"","activitypub_content_warning":"","activitypub_content_visibility":"","activitypub_max_image_attachments":4,"activitypub_interaction_policy_quote":"anyone","activitypub_status":"federated","footnotes":""},"categories":[8],"tags":[63,64,66,65,22],"class_list":["post-4382","post","type-post","status-publish","format-status","hentry","category-blog","tag-1demaig","tag-1demayo","tag-lluitasindical","tag-mayday","tag-territori","post_format-post-format-status"],"_links":{"self":[{"href":"https:\/\/comiteslocals.org\/cas\/wp-json\/wp\/v2\/posts\/4382","targetHints":{"allow":["GET"]}}],"collection":[{"href":"https:\/\/comiteslocals.org\/cas\/wp-json\/wp\/v2\/posts"}],"about":[{"href":"https:\/\/comiteslocals.org\/cas\/wp-json\/wp\/v2\/types\/post"}],"author":[{"embeddable":true,"href":"https:\/\/comiteslocals.org\/cas\/wp-json\/wp\/v2\/users\/8"}],"replies":[{"embeddable":true,"href":"https:\/\/comiteslocals.org\/cas\/wp-json\/wp\/v2\/comments?post=4382"}],"version-history":[{"count":1,"href":"https:\/\/comiteslocals.org\/cas\/wp-json\/wp\/v2\/posts\/4382\/revisions"}],"predecessor-version":[{"id":4383,"href":"https:\/\/comiteslocals.org\/cas\/wp-json\/wp\/v2\/posts\/4382\/revisions\/4383"}],"wp:attachment":[{"href":"https:\/\/comiteslocals.org\/cas\/wp-json\/wp\/v2\/media?parent=4382"}],"wp:term":[{"taxonomy":"category","embeddable":true,"href":"https:\/\/comiteslocals.org\/cas\/wp-json\/wp\/v2\/categories?post=4382"},{"taxonomy":"post_tag","embeddable":true,"href":"https:\/\/comiteslocals.org\/cas\/wp-json\/wp\/v2\/tags?post=4382"}],"curies":[{"name":"wp","href":"https:\/\/api.w.org\/{rel}","templated":true}]}}